{"id":203,"date":"2022-11-11T06:36:55","date_gmt":"2022-11-11T08:36:55","guid":{"rendered":"https:\/\/konferencijos.lnb.lt\/ankstyvojo-skaitymo-skatinimo-forumas\/?p=203"},"modified":"2022-11-11T06:36:56","modified_gmt":"2022-11-11T08:36:56","slug":"kalbines-aplinkos-ir-skaitymo-itaka-ankstyvajai-neuropsichologinei-raidai","status":"publish","type":"post","link":"https:\/\/konferencijos.lnb.lt\/ankstyvojo-skaitymo-skatinimo-forumas\/kalbines-aplinkos-ir-skaitymo-itaka-ankstyvajai-neuropsichologinei-raidai\/","title":{"rendered":"Kalbin\u0117s aplinkos ir skaitymo \u012ftaka ankstyvajai neuropsichologinei raidai"},"content":{"rendered":"\n<p><strong>Ramun\u0117 Dirvanskien\u0117, neuropsichologijos moksl\u0173 daktar\u0117, Vilniaus universiteto lektor\u0117<\/strong><\/p>\n\n\n\n<p>Prane\u0161ime ap\u017evelgiami neuromokslo tyrimai apie kalbin\u0117s aplinkos \u012ftak\u0105 ankstyvajai raidai. Paai\u0161kinama, kaip \u0161eimos ir ugdymo \u012fstaigos kalbin\u0117 aplinka formuoja ikimokyklinuk\u0173 smegenis, kokie skirtumai pastebimi tarp vienakalb\u0117je ir dvikalb\u0117je aplinkoje augan\u010di\u0173 vaik\u0173 akademini\u0173 ir socialini\u0173 geb\u0117jim\u0173, koki\u0105 \u012ftak\u0105 tai turi protin\u0117ms vaiko funkcijoms v\u0117lesniais gyvenimo tarpsniais. Kadangi vaikai kalbos mokosi ir \u017eodyn\u0105 ple\u010dia ne tik bendraudami, bet ir skaitydami knygas kartu su suaugusiaisiais, prane\u0161ime atskiras d\u0117mesys skiriamas skaitymo procesui, skirting\u0173 skaitymo b\u016bd\u0173 ir knyg\u0173 turinio \u012ftakai vaiko smegen\u0173 raidai.<\/p>\n","protected":false},"excerpt":{"rendered":"<p>Ramun\u0117 Dirvanskien\u0117, neuropsichologijos moksl\u0173 daktar\u0117, Vilniaus universiteto lektor\u0117 Prane\u0161ime ap\u017evelgiami neuromokslo tyrimai apie kalbin\u0117s aplinkos \u012ftak\u0105 ankstyvajai raidai. Paai\u0161kinama, kaip \u0161eimos ir ugdymo \u012fstaigos kalbin\u0117 aplinka formuoja ikimokyklinuk\u0173 smegenis, kokie skirtumai pastebimi tarp vienakalb\u0117je ir dvikalb\u0117je aplinkoje augan\u010di\u0173 vaik\u0173 akademini\u0173 ir socialini\u0173 geb\u0117jim\u0173, koki\u0105 \u012ftak\u0105 tai turi protin\u0117ms vaiko funkcijoms v\u0117lesniais gyvenimo tarpsniais. Kadangi vaikai&#8230;<\/p>\n","protected":false},"author":1,"featured_media":0,"comment_status":"closed","ping_status":"closed","sticky":false,"template":"","format":"standard","meta":{"inline_featured_image":false,"footnotes":""},"categories":[32],"tags":[],"class_list":["post-203","post","type-post","status-publish","format-standard","hentry","category-santraukos"],"_links":{"self":[{"href":"https:\/\/konferencijos.lnb.lt\/ankstyvojo-skaitymo-skatinimo-forumas\/wp-json\/wp\/v2\/posts\/203","targetHints":{"allow":["GET"]}}],"collection":[{"href":"https:\/\/konferencijos.lnb.lt\/ankstyvojo-skaitymo-skatinimo-forumas\/wp-json\/wp\/v2\/posts"}],"about":[{"href":"https:\/\/konferencijos.lnb.lt\/ankstyvojo-skaitymo-skatinimo-forumas\/wp-json\/wp\/v2\/types\/post"}],"author":[{"embeddable":true,"href":"https:\/\/konferencijos.lnb.lt\/ankstyvojo-skaitymo-skatinimo-forumas\/wp-json\/wp\/v2\/users\/1"}],"replies":[{"embeddable":true,"href":"https:\/\/konferencijos.lnb.lt\/ankstyvojo-skaitymo-skatinimo-forumas\/wp-json\/wp\/v2\/comments?post=203"}],"version-history":[{"count":1,"href":"https:\/\/konferencijos.lnb.lt\/ankstyvojo-skaitymo-skatinimo-forumas\/wp-json\/wp\/v2\/posts\/203\/revisions"}],"predecessor-version":[{"id":204,"href":"https:\/\/konferencijos.lnb.lt\/ankstyvojo-skaitymo-skatinimo-forumas\/wp-json\/wp\/v2\/posts\/203\/revisions\/204"}],"wp:attachment":[{"href":"https:\/\/konferencijos.lnb.lt\/ankstyvojo-skaitymo-skatinimo-forumas\/wp-json\/wp\/v2\/media?parent=203"}],"wp:term":[{"taxonomy":"category","embeddable":true,"href":"https:\/\/konferencijos.lnb.lt\/ankstyvojo-skaitymo-skatinimo-forumas\/wp-json\/wp\/v2\/categories?post=203"},{"taxonomy":"post_tag","embeddable":true,"href":"https:\/\/konferencijos.lnb.lt\/ankstyvojo-skaitymo-skatinimo-forumas\/wp-json\/wp\/v2\/tags?post=203"}],"curies":[{"name":"wp","href":"https:\/\/api.w.org\/{rel}","templated":true}]}}