{"id":286,"date":"2023-09-05T07:59:02","date_gmt":"2023-09-05T06:59:02","guid":{"rendered":"https:\/\/konferencijos.lnb.lt\/europa-sostine-tapsmas\/?p=286"},"modified":"2023-09-05T08:02:12","modified_gmt":"2023-09-05T07:02:12","slug":"pamirsti-1904-1907-m-vilniaus-anarchistai","status":"publish","type":"post","link":"https:\/\/konferencijos.lnb.lt\/europa-sostine-tapsmas\/pamirsti-1904-1907-m-vilniaus-anarchistai\/","title":{"rendered":"Pamir\u0161ti 1904\u20131907  m. Vilniaus anarchistai"},"content":{"rendered":"<p><strong>Darius Pocevi\u010dius (ra\u0161ytojas, sostin\u0117s tyrin\u0117tojas, istorini\u0173 studij\u0173 apie Vilni\u0173 autorius)<\/strong><\/p>\n<p>Lietuvi\u0161koji istoriografija itin ma\u017eai d\u0117mesio skyr\u0117 socialiniams 1905\u20131907\u00a0m. bruzd\u0117jimams Vilniuje. Juos galima vadinti ir revoliucija, ir socialiniu karu. Tarpukario Lietuvos istorikai labiau koncentravosi \u012f to meto \u012fvykius Kaune ir Lietuvos provincijoje. Sovietme\u010dio istorikai nes\u0117kmingoje 1905\u20131907\u00a0m. revoliucijoje anarchist\u0173 tarsi nemat\u0117. O per pastar\u0105j\u012f tre\u010ddal\u012f am\u017eiaus d\u0117mesys buvo sutelktas \u012f tautin\u0117s pakraipos antiimperin\u012f jud\u0117jim\u0105, oficialiai u\u017egimus\u012f per 1905-\u0173j\u0173 gruod\u012f surengt\u0105 lietuvi\u0173 suva\u017eiavim\u0105, \u0161iandien pateti\u0161kai vadinam\u0105 Did\u017eiuoju Vilniaus seimu.<\/p>\n<p>Toki\u0105 logik\u0105 sunku suvokti\u00a0\u2013 juk 1905\u20131907\u00a0m. anarchist\u0173 ir kit\u0173 kairi\u0173j\u0173 paskelbtas socialinis karas pasirei\u0161k\u0117 ne k\u0105 menkesniu, gal net didesniu sprogstamuoju antiimperiniu u\u017etaisu, svariai prisid\u0117jo prie Rusijos imperijai priklausiusios Lietuvos visuomen\u0117s laisv\u0117jimo ir demokrat\u0117jimo. Du po\u017ei\u016briai\u00a0\u2013 tautinis ir socialinis\u00a0\u2013 \u0161iandienos tyrimuose netur\u0117t\u0173 konkuruoti ir stelbti vienas kito. Socialini\u0173 pj\u016bvi\u0173 tyrimai gerokai papildyt\u0173 ir pa\u012fvairint\u0173 n\u016bdien dominuojant\u012f tautin\u012f diskurs\u0105 ir etnin\u012f 1905\u20131918\u00a0m. \u012fvyki\u0173 pj\u016bv\u012f. Dienos \u0161vieson i\u0161kilt\u0173 daugyb\u0117 svarbi\u0173 \u012fvyki\u0173 ir \u0161iandien pamir\u0161t\u0173 asmenybi\u0173. Galiausiai \u0161iedu diskursai tur\u0117t\u0173 susilieti \u012f vien\u0105, visapusi\u0161kai nu\u0161vie\u010diant\u012f itin marg\u0105 ir kontrasting\u0105 XX\u00a0a. prad\u017eios istorini\u0173 \u012fvyki\u0173 paveiksl\u0105.<\/p>\n<p>Prane\u0161ime \u201ePamir\u0161ti 1904\u20131907\u00a0m. Vilniaus anarchistai\u201c D.\u00a0Pocevi\u010dius ap\u017evelgs to meto anarchistini\u0173 grupi\u0173 veikl\u0105 Vilniuje. Ji prasid\u0117jo 1904\u00a0m. kov\u0105, kai \u012f Vilni\u0173 gr\u012f\u017eo du anarchistais emigracijoje tap\u0119 vilnie\u010diai\u00a0\u2013 Daniilas Buraki\u0161kis i\u0161 Londono ir Zalmanas Borkaganas i\u0161 Pary\u017eiaus. Jie pasi\u0161ov\u0117 \u010dia suburti anarchist\u0173 grup\u0119. Prane\u0161\u0117jas papasakos apie Vilniaus anarchist\u0173 ind\u0117l\u012f \u012f 1905\u20131907\u00a0m. bruzd\u0117jimus, \u012f Kruvinojo sekmadienio\u00a0(1905\u00a0m. spalio 16\u00a0d.) ir Kruvinojo penktadienio\u00a0(1905\u00a0m. spalio 21\u00a0d.) \u012fvykius, \u012f bruzd\u0117jim\u0173 apog\u0117jumi b\u016bsimoje Lietuvos sostin\u0117je tapus\u012f 1905\u00a0m. spalio 27\u00a0d. incident\u0105 prie \u0160v.\u00a0Kotrynos ba\u017eny\u010dios\u00a0\u2013 \u010dia a\u0161tuoniolikmetis anarchistas Jakobas\u00a0Korotkis met\u0117 bomb\u0105 \u012f Vilniaus policijos vir\u0161inink\u0105, kartu su keturiais miesto policijos apygard\u0173 komisarais einant\u012f i\u0161 susitikimo pas gubernatori\u0173.<\/p>\n<p>Prane\u0161\u0117jas papasakos apie veikliausius Vilniaus anarchistus, tarp j\u0173 i\u0161skirtinis buvo Chaimu\u00a0Londonie\u010diu vadinamas Panev\u0117\u017eyje gim\u0119s Ilja\u00a0Geicmanas; apie svarbiausius anarchistin\u0117s pakraipos leidinius ir konferencijas; apie id\u0117jin\u0119 kropotkini\u0161kojo Vilniaus anarchizmo platform\u0105\u00a0\u2013 jai neigiam\u0105 \u012ftak\u0105 padar\u0117 i\u0161 Bialystoko atsklidusi \u201ejuodav\u0117liavinink\u0173\u201c ideologija, propaguojanti totalin\u012f valdinink\u0173 ir i\u0161naudotoj\u0173 teror\u0105 bei nuolatin\u012f kruvin\u0105 mai\u0161t\u0105; apie besikei\u010dian\u010di\u0105 Vilniaus visuomen\u0117s reakcij\u0105 \u012f sprogdinan\u010dius bombas ir turt\u0105 rekvizuojan\u010dius anarchistus; apie anarchistinio pasiprie\u0161inimo ir visos 1905\u20131907\u00a0m. revoliucijos pralaim\u0117jimo prie\u017eastis ir pasekmes. Prane\u0161imo pabaigoje D.\u00a0Pocevi\u010dius paai\u0161kins, kod\u0117l svarbu u\u017ekam\u0161yti istorin\u0117s atminties spragas, ir reziumuos, kokiais keliais buvo einama ir kokiais buvo galima eiti \u012f dabartin\u0119 Lietuv\u0105.<\/p>\n","protected":false},"excerpt":{"rendered":"<p>Darius Pocevi\u010dius (ra\u0161ytojas, sostin\u0117s tyrin\u0117tojas, istorini\u0173 studij\u0173 apie Vilni\u0173 autorius) Lietuvi\u0161koji istoriografija itin ma\u017eai d\u0117mesio skyr\u0117 socialiniams 1905\u20131907\u00a0m. bruzd\u0117jimams Vilniuje. Juos galima vadinti ir revoliucija, ir socialiniu karu. Tarpukario Lietuvos istorikai labiau koncentravosi \u012f to meto \u012fvykius Kaune ir Lietuvos provincijoje. Sovietme\u010dio istorikai nes\u0117kmingoje 1905\u20131907\u00a0m. revoliucijoje anarchist\u0173 tarsi nemat\u0117. O per pastar\u0105j\u012f tre\u010ddal\u012f am\u017eiaus d\u0117mesys&#8230;<\/p>\n","protected":false},"author":1,"featured_media":0,"comment_status":"closed","ping_status":"closed","sticky":false,"template":"","format":"standard","meta":{"inline_featured_image":false,"footnotes":""},"categories":[48],"tags":[],"class_list":["post-286","post","type-post","status-publish","format-standard","hentry","category-santraukos"],"_links":{"self":[{"href":"https:\/\/konferencijos.lnb.lt\/europa-sostine-tapsmas\/wp-json\/wp\/v2\/posts\/286","targetHints":{"allow":["GET"]}}],"collection":[{"href":"https:\/\/konferencijos.lnb.lt\/europa-sostine-tapsmas\/wp-json\/wp\/v2\/posts"}],"about":[{"href":"https:\/\/konferencijos.lnb.lt\/europa-sostine-tapsmas\/wp-json\/wp\/v2\/types\/post"}],"author":[{"embeddable":true,"href":"https:\/\/konferencijos.lnb.lt\/europa-sostine-tapsmas\/wp-json\/wp\/v2\/users\/1"}],"replies":[{"embeddable":true,"href":"https:\/\/konferencijos.lnb.lt\/europa-sostine-tapsmas\/wp-json\/wp\/v2\/comments?post=286"}],"version-history":[{"count":1,"href":"https:\/\/konferencijos.lnb.lt\/europa-sostine-tapsmas\/wp-json\/wp\/v2\/posts\/286\/revisions"}],"predecessor-version":[{"id":287,"href":"https:\/\/konferencijos.lnb.lt\/europa-sostine-tapsmas\/wp-json\/wp\/v2\/posts\/286\/revisions\/287"}],"wp:attachment":[{"href":"https:\/\/konferencijos.lnb.lt\/europa-sostine-tapsmas\/wp-json\/wp\/v2\/media?parent=286"}],"wp:term":[{"taxonomy":"category","embeddable":true,"href":"https:\/\/konferencijos.lnb.lt\/europa-sostine-tapsmas\/wp-json\/wp\/v2\/categories?post=286"},{"taxonomy":"post_tag","embeddable":true,"href":"https:\/\/konferencijos.lnb.lt\/europa-sostine-tapsmas\/wp-json\/wp\/v2\/tags?post=286"}],"curies":[{"name":"wp","href":"https:\/\/api.w.org\/{rel}","templated":true}]}}