{"id":299,"date":"2023-09-05T08:09:37","date_gmt":"2023-09-05T07:09:37","guid":{"rendered":"https:\/\/konferencijos.lnb.lt\/europa-sostine-tapsmas\/?p=299"},"modified":"2023-09-05T08:13:04","modified_gmt":"2023-09-05T07:13:04","slug":"ausros-vartu-marijos-vaizdinys-xx-a-pirmosios-puses-lietuviu-literaturoje","status":"publish","type":"post","link":"https:\/\/konferencijos.lnb.lt\/europa-sostine-tapsmas\/ausros-vartu-marijos-vaizdinys-xx-a-pirmosios-puses-lietuviu-literaturoje\/","title":{"rendered":"Au\u0161ros Vart\u0173 Marijos vaizdinys XX\u00a0a. pirmosios pus\u0117s lietuvi\u0173 literat\u016broje"},"content":{"rendered":"<p><strong>Gitana Vanagait\u0117 (Lietuvi\u0173 literat\u016bros ir tautosakos institutas, Vytauto Did\u017eiojo universitetas)<\/strong><\/p>\n<p>Au\u0161ros Vart\u0173 \u0160v\u010d.\u00a0Mergel\u0117s Marijos paveikslas yra itin reik\u0161mingas Lietuvos istorijai, kult\u016brai ir religijai. Sunku pasakyti, kada Au\u0161ros Vart\u0173 Marija pirm\u0105 kart\u0105 pamin\u0117ta literat\u016bros k\u016brinyje, ai\u0161ku, kad \u017eodin\u0117je tradicijoje legendos apie Au\u0161ros Vart\u0173 Marij\u0105, jos stebukling\u0105 gali\u0105 prad\u0117tos fiksuoti apie XVII\u2013XVIII\u00a0am\u017ei\u0173. Prane\u0161ime aptariami XX\u00a0a. prad\u017eios literat\u016broje minimi Au\u0161ros Vart\u0173 Marijos vaizdiniai Adomo\u00a0Mickevi\u010diaus, Maironio, Prano\u00a0Vai\u010dai\u010dio, Kazio\u00a0Brad\u016bno poezijoje, Juozo\u00a0Tumo-Vai\u017eganto atsiminimuose. D\u0117mesys bus kreipiamas \u012f Vilniaus kaip religinio Lietuvos centro vaizdin\u012f, i\u0161ry\u0161k\u0117jus\u012f poezijoje, para\u0161ytoje po 1922\u00a0m. Vilniaus ir jo kra\u0161to okupacijos, kai Au\u0161ros Vart\u0173 Marijos paveikslas buvo suvokiamas kaip okupuoto Vilniaus metonimija.<\/p>\n<p>Prane\u0161ime taip pat i\u0161ry\u0161kinama, kaip suvokiama Au\u0161ros Vart\u0173 Marijos fig\u016bra, kokios reik\u0161m\u0117s akcentuojamos literat\u016brin\u0117je jos gyvenimo interpretacijoje, koki\u0105 viet\u0105 toje interpretacijoje u\u017eima konkreti Au\u0161ros Vart\u0173 vieta, jos kra\u0161tovaizdis. Juozo\u00a0Tumo-Vai\u017eganto atsiminimuose apie Au\u0161ros Vart\u0173 Marij\u0105 itin svarbus atpirkimo momento, kelion\u0117s \u012f \u0161vent\u0105 viet\u0105 akcentavimas, bendras ir kit\u0173 autori\u0173 k\u016briniuose ry\u0161kinamam Au\u0161os Vart\u0173 Marijos vaizdiniui.<\/p>\n","protected":false},"excerpt":{"rendered":"<p>Gitana Vanagait\u0117 (Lietuvi\u0173 literat\u016bros ir tautosakos institutas, Vytauto Did\u017eiojo universitetas) Au\u0161ros Vart\u0173 \u0160v\u010d.\u00a0Mergel\u0117s Marijos paveikslas yra itin reik\u0161mingas Lietuvos istorijai, kult\u016brai ir religijai. Sunku pasakyti, kada Au\u0161ros Vart\u0173 Marija pirm\u0105 kart\u0105 pamin\u0117ta literat\u016bros k\u016brinyje, ai\u0161ku, kad \u017eodin\u0117je tradicijoje legendos apie Au\u0161ros Vart\u0173 Marij\u0105, jos stebukling\u0105 gali\u0105 prad\u0117tos fiksuoti apie XVII\u2013XVIII\u00a0am\u017ei\u0173. Prane\u0161ime aptariami XX\u00a0a. prad\u017eios literat\u016broje&#8230;<\/p>\n","protected":false},"author":1,"featured_media":0,"comment_status":"closed","ping_status":"closed","sticky":false,"template":"","format":"standard","meta":{"inline_featured_image":false,"footnotes":""},"categories":[48],"tags":[],"class_list":["post-299","post","type-post","status-publish","format-standard","hentry","category-santraukos"],"_links":{"self":[{"href":"https:\/\/konferencijos.lnb.lt\/europa-sostine-tapsmas\/wp-json\/wp\/v2\/posts\/299","targetHints":{"allow":["GET"]}}],"collection":[{"href":"https:\/\/konferencijos.lnb.lt\/europa-sostine-tapsmas\/wp-json\/wp\/v2\/posts"}],"about":[{"href":"https:\/\/konferencijos.lnb.lt\/europa-sostine-tapsmas\/wp-json\/wp\/v2\/types\/post"}],"author":[{"embeddable":true,"href":"https:\/\/konferencijos.lnb.lt\/europa-sostine-tapsmas\/wp-json\/wp\/v2\/users\/1"}],"replies":[{"embeddable":true,"href":"https:\/\/konferencijos.lnb.lt\/europa-sostine-tapsmas\/wp-json\/wp\/v2\/comments?post=299"}],"version-history":[{"count":1,"href":"https:\/\/konferencijos.lnb.lt\/europa-sostine-tapsmas\/wp-json\/wp\/v2\/posts\/299\/revisions"}],"predecessor-version":[{"id":300,"href":"https:\/\/konferencijos.lnb.lt\/europa-sostine-tapsmas\/wp-json\/wp\/v2\/posts\/299\/revisions\/300"}],"wp:attachment":[{"href":"https:\/\/konferencijos.lnb.lt\/europa-sostine-tapsmas\/wp-json\/wp\/v2\/media?parent=299"}],"wp:term":[{"taxonomy":"category","embeddable":true,"href":"https:\/\/konferencijos.lnb.lt\/europa-sostine-tapsmas\/wp-json\/wp\/v2\/categories?post=299"},{"taxonomy":"post_tag","embeddable":true,"href":"https:\/\/konferencijos.lnb.lt\/europa-sostine-tapsmas\/wp-json\/wp\/v2\/tags?post=299"}],"curies":[{"name":"wp","href":"https:\/\/api.w.org\/{rel}","templated":true}]}}