{"id":317,"date":"2023-09-05T08:28:55","date_gmt":"2023-09-05T07:28:55","guid":{"rendered":"https:\/\/konferencijos.lnb.lt\/europa-sostine-tapsmas\/?p=317"},"modified":"2023-09-28T16:54:57","modified_gmt":"2023-09-28T13:54:57","slug":"butinai-dalyvausiu-arba-vilniaus-lyderyste-formuojant-ir-igyvendinant-kulturines-edukacijos-politika","status":"publish","type":"post","link":"https:\/\/konferencijos.lnb.lt\/europa-sostine-tapsmas\/butinai-dalyvausiu-arba-vilniaus-lyderyste-formuojant-ir-igyvendinant-kulturines-edukacijos-politika\/","title":{"rendered":"\u201eB\u016btinai dalyvausiu\u201c, arba Vilniaus lyderyst\u0117 formuojant ir \u012fgyvendinant kult\u016brin\u0117s edukacijos politik\u0105"},"content":{"rendered":"<p><strong>Ingrida Veliut\u0117 (Lietuvos nacionalin\u0117 Martyno Ma\u017evydo biblioteka)\u00a0<\/strong><\/p>\n<p>Dalyvavimas kult\u016broje, auditorij\u0173 \u012ftrauktis, meninink\u0173 ar k\u016br\u0117j\u0173 prisijungimas \u012fvairaus pob\u016bd\u017eio problemoms spr\u0119sti, suaugusi\u0173j\u0173 ir mokini\u0173 motyvacijai didinti ir pasitik\u0117jimui savimi auginti pasitelkiami jau ne pirm\u0105 de\u0161imtmet\u012f. Pastar\u0105j\u012f penkmet\u012f nema\u017eai d\u0117mesio skiriama mokiniams skatinti b\u016bti ne tik vartotojais, bet ir aktyviais kult\u016bros dalyviais. Ta\u010diau ar jungtys tarp \u0161vietimo ir kult\u016bros sektoriaus dalyvi\u0173 yra pakankamos, kad b\u016bt\u0173 formuojama patraukli ir tikslinius poreikius reprezentuojanti kult\u016brin\u0117s edukacijos politika?<\/p>\n<p>2020 m. buvo paskelbta jau tre\u010dio Gyventoj\u0173 dalyvavimo kult\u016broje ir pasitenkinimo kult\u016bros paslaugomis tyrimo ataskaita, kurioje, apklausus 1200 respondent\u0173 i\u0161 visos Lietuvos, i\u0161nagrin\u0117tos buvusios, esamos ir b\u016bsimos Lietuvos gyventoj\u0173 dalyvavimo kult\u016broje tendencijos. Buvo remtasi nuo 2014 m. atliekam\u0173 tyrim\u0173 metodika ir principais. Lygiagre\u010diai buvo atliktas Kult\u016brin\u0117s edukacijos veikl\u0173 poveikio vertinimas (2021), o \u012fgyvendinant nacionalin\u0117s reik\u0161m\u0117s projekt\u0105 \u201eKult\u016brin\u0117s edukacijos sistemos modernizavimas\u201c buvo parengta galimybi\u0173 studija \u201eNacionalin\u0117 mokini\u0173 kult\u016brin\u0117s edukacijos sistema\u201c (2021).<\/p>\n<p>Pirmame tyrime tarp apklaust\u0173j\u0173 pamin\u0117ti ir 15\u201319 met\u0173 respondentai, kitaip tariant, baigiam\u0173j\u0173 klasi\u0173 mokiniai, kurie nuo 2018 m. tur\u0117jo galimyb\u0119 dalyvauti Kult\u016bros paso programoje ir buvo skatinami aktyviai dalyvauti kult\u016broje. Ta\u010diau pati programa \u012f tyr\u0117j\u0173 akirat\u012f nepakliuvo ir liko ne\u012fvertinta, nors iki prognozuojam\u0173 2030 m. jauniausioji tiriam\u0173j\u0173 karta jau bus 25\u201329 met\u0173 am\u017eiaus. Kiti du tyrimai tiesiogiai susij\u0119 su kult\u016brin\u0117s edukacijos politikos formavimo analize tiek Lietuvoje, tiek u\u017esienyje, ta\u010diau turi pernelyg ma\u017eai jung\u010di\u0173 su jaunimo dalyvavimo kult\u016broje analize.<\/p>\n<p>Remiantis \u0161i\u0173 trij\u0173 tyrim\u0173 i\u0161vadomis ir realiu laiku stebimais Kult\u016bros paso sistemos rezultatais, prane\u0161ime bus analizuojama, koki\u0105 vizij\u0105 formavo \u0161ios trapios tarpinstitucin\u0117s kult\u016bros ir \u0161vietimo politikos gijos iniciatoriai bei \u012fgyvendintojai pradiniame etape. Koki\u0105 \u012ftak\u0105 kult\u016bros ir \u0161vietimo sektoriui tur\u0117jo \u012fgyvendinto projekto \u201eKult\u016brin\u0117s edukacijos sistemos modernizavimas\u201c veiklos ir pakeista informacin\u0117 sistema? Koki\u0105 \u012ftak\u0105 Vilniaus kult\u016bros \u012fstaigose vyraujan\u010dios tendencijos daro regionams, ar \u201emadingos\u201c temos pritraukia jauniausius kult\u016bros dalyvius \u012f sostin\u0119, o gal atvirk\u0161\u010diai \u2013 virsta eksportuojam\u0105ja kult\u016bra? Ar kit\u0173 did\u017ei\u0173j\u0173 Lietuvos miest\u0173 arba region\u0173 kult\u016bra turi \u0161ans\u0173 \u012fsiver\u017eti \u012f sostin\u0119? \u0160ie ir kiti klausimai pad\u0117s bent i\u0161 dalies atspind\u0117ti labai jautr\u0173 kult\u016bros ir \u0161vietimo sektoriaus bendradarbiavimo aspekt\u0105, kuriame sostin\u0117 nei\u0161vengiamai atlieka labai svarb\u0173 vaidmen\u012f.<\/p>\n","protected":false},"excerpt":{"rendered":"<p>Ingrida Veliut\u0117 (Lietuvos nacionalin\u0117 Martyno Ma\u017evydo biblioteka)\u00a0 Dalyvavimas kult\u016broje, auditorij\u0173 \u012ftrauktis, meninink\u0173 ar k\u016br\u0117j\u0173 prisijungimas \u012fvairaus pob\u016bd\u017eio problemoms spr\u0119sti, suaugusi\u0173j\u0173 ir mokini\u0173 motyvacijai didinti ir pasitik\u0117jimui savimi auginti pasitelkiami jau ne pirm\u0105 de\u0161imtmet\u012f. Pastar\u0105j\u012f penkmet\u012f nema\u017eai d\u0117mesio skiriama mokiniams skatinti b\u016bti ne tik vartotojais, bet ir aktyviais kult\u016bros dalyviais. Ta\u010diau ar jungtys tarp \u0161vietimo ir&#8230;<\/p>\n","protected":false},"author":1,"featured_media":0,"comment_status":"closed","ping_status":"closed","sticky":false,"template":"","format":"standard","meta":{"inline_featured_image":false,"footnotes":""},"categories":[48],"tags":[],"class_list":["post-317","post","type-post","status-publish","format-standard","hentry","category-santraukos"],"_links":{"self":[{"href":"https:\/\/konferencijos.lnb.lt\/europa-sostine-tapsmas\/wp-json\/wp\/v2\/posts\/317","targetHints":{"allow":["GET"]}}],"collection":[{"href":"https:\/\/konferencijos.lnb.lt\/europa-sostine-tapsmas\/wp-json\/wp\/v2\/posts"}],"about":[{"href":"https:\/\/konferencijos.lnb.lt\/europa-sostine-tapsmas\/wp-json\/wp\/v2\/types\/post"}],"author":[{"embeddable":true,"href":"https:\/\/konferencijos.lnb.lt\/europa-sostine-tapsmas\/wp-json\/wp\/v2\/users\/1"}],"replies":[{"embeddable":true,"href":"https:\/\/konferencijos.lnb.lt\/europa-sostine-tapsmas\/wp-json\/wp\/v2\/comments?post=317"}],"version-history":[{"count":4,"href":"https:\/\/konferencijos.lnb.lt\/europa-sostine-tapsmas\/wp-json\/wp\/v2\/posts\/317\/revisions"}],"predecessor-version":[{"id":599,"href":"https:\/\/konferencijos.lnb.lt\/europa-sostine-tapsmas\/wp-json\/wp\/v2\/posts\/317\/revisions\/599"}],"wp:attachment":[{"href":"https:\/\/konferencijos.lnb.lt\/europa-sostine-tapsmas\/wp-json\/wp\/v2\/media?parent=317"}],"wp:term":[{"taxonomy":"category","embeddable":true,"href":"https:\/\/konferencijos.lnb.lt\/europa-sostine-tapsmas\/wp-json\/wp\/v2\/categories?post=317"},{"taxonomy":"post_tag","embeddable":true,"href":"https:\/\/konferencijos.lnb.lt\/europa-sostine-tapsmas\/wp-json\/wp\/v2\/tags?post=317"}],"curies":[{"name":"wp","href":"https:\/\/api.w.org\/{rel}","templated":true}]}}